{"id":7029,"date":"2023-11-16T22:58:00","date_gmt":"2023-11-16T21:58:00","guid":{"rendered":"https:\/\/bozicnejaslice.si\/quando-pulire-la-culla\/"},"modified":"2024-10-31T20:40:57","modified_gmt":"2024-10-31T19:40:57","slug":"quando-pulire-la-culla","status":"publish","type":"post","link":"https:\/\/bozicnejaslice.si\/it\/quando-pulire-la-culla\/","title":{"rendered":"Quando pulire la culla"},"content":{"rendered":"\n<p>Quando mettere via il presepe \u00e8 una domanda che spesso ci si pone quando il periodo natalizio \u00e8 finito. quando pulire il presepe che \u00e8 stato al centro dell&#8217;attenzione durante le feste? I presepi sono una parte importante delle tradizioni natalizie e rappresentano la nascita di Ges\u00f9 Cristo. Pensare a quando mettere via la culla pu\u00f2 rivelare diverse tradizioni, credenze religiose e pratiche culturali.<\/p>\n<div class=\"wp-block-aioseo-table-of-contents\"><ul><li><a class=\"aioseo-toc-item\" href=\"#aioseo-razlicni-casi-za-pospravljanje-jaslic\">Razli\u010dni \u010dasi za pospravljanje jaslic<\/a><ul><li><a class=\"aioseo-toc-item\" href=\"#aioseo-prvi-adventni-vikend-in-konec-adventnega-casa\">Prvi adventni vikend in konec adventnega \u010dasa<\/a><\/li><li><a class=\"aioseo-toc-item\" href=\"#aioseo-6-januarja-praznik-gospodovega-razglasenja-sveta-tri-kralja\">6. januarja &#8211; praznik Gospodovega razgla\u0161enja (Sveta tri kralja)<\/a><\/li><li><a class=\"aioseo-toc-item\" href=\"#aioseo-do-svecnice-2-februarja\">Do sve\u010dnice &#8211; 2. februarja<\/a><\/li><li><a class=\"aioseo-toc-item\" href=\"#aioseo-po-svecnici-razlicne-tradicije\">Po sve\u010dnici &#8211; razli\u010dne tradicije<\/a><\/li><li><a class=\"aioseo-toc-item\" href=\"#aioseo-prilagoditev-glede-na-druzinske-zelje-in-tradicije\">Prilagoditev glede na dru\u017einske \u017eelje in tradicije<\/a><\/li><\/ul><\/li><li><a class=\"aioseo-toc-item\" href=\"#aioseo-zakaj-je-pomembno-vedeti-kdaj-pospraviti-jaslice\">Zakaj je pomembno vedeti, kdaj pospraviti jaslice<\/a><ul><li><a class=\"aioseo-toc-item\" href=\"#aioseo-pomen-jaslic-v-bozicnem-casu\">Pomen jaslic v bo\u017ei\u010dnem \u010dasu<\/a><\/li><li><a class=\"aioseo-toc-item\" href=\"#aioseo-simbolika-pospravljanja-jaslic\">Simbolika pospravljanja jaslic<\/a><\/li><li><a class=\"aioseo-toc-item\" href=\"#aioseo-tradicionalna-vera-in-poboznost\">Tradicionalna vera in pobo\u017enost<\/a><\/li><\/ul><\/li><li><a class=\"aioseo-toc-item\" href=\"#aioseo-kako-pravilno-pospraviti-jaslice\">Kako pravilno pospraviti jaslice<\/a><ul><li><a class=\"aioseo-toc-item\" href=\"#aioseo-nasveti-za-previdno-shranjevanje-jaslic\">Nasveti za previdno shranjevanje jaslic<\/a><\/li><li><a class=\"aioseo-toc-item\" href=\"#aioseo-ohranjanje-jaslic-za-prihodnje-leto\">Ohranjanje jaslic za prihodnje leto<\/a><\/li><\/ul><\/li><li><a class=\"aioseo-toc-item\" href=\"#aioseo-zakljucek\">Zaklju\u010dek<\/a><\/li><\/ul><\/div>\n<h2 class=\"wp-block-heading\" id=\"aioseo-razlicni-casi-za-pospravljanje-jaslic\">Diversi momenti per pulire la culla<\/h2>\n\n<h3 class=\"wp-block-heading\" id=\"aioseo-prvi-adventni-vikend-in-konec-adventnega-casa\">Primo fine settimana di Avvento e fine dell&#8217;Avvento<\/h3>\n\n<p>Un&#8217;occasione per riordinare il presepe \u00e8 la fine dell&#8217;Avvento, che di solito termina il primo fine settimana prima di Natale. L&#8217;Avvento \u00e8 un periodo di preparazione alla venuta di Ges\u00f9 Cristo e il presepe \u00e8 una parte importante di questa stagione. Lo sgombero del presepe alla fine dell&#8217;Avvento sottolinea che la venuta di Ges\u00f9 Cristo \u00e8 avvenuta il giorno di Natale.<\/p>\n\n<h3 class=\"wp-block-heading\" id=\"aioseo-6-januarja-praznik-gospodovega-razglasenja-sveta-tri-kralja\">6 gennaio &#8211; Festa dell&#8217;Annunciazione del Signore (Tre Re)<\/h3>\n\n<p>In molte culture sono 6. Gennaio \u00e8 la festa dell&#8217;Annunciazione, nota anche come festa dei Re Magi. Questo giorno \u00e8 considerato la fine della stagione natalizia e riporre il presepe in questo giorno \u00e8 un modo simbolico per concludere le celebrazioni natalizie. \u00c8 particolarmente importante per chi segue un calendario religioso tradizionale.<\/p>\n\n<h3 class=\"wp-block-heading\" id=\"aioseo-do-svecnice-2-februarja\">Fino alla Candelora &#8211; 2. Febbraio<\/h3>\n\n<p>In alcune tradizioni cristiane, il presepe viene solitamente riposto alla Candelora, che celebra l&#8217;incontro del Signore nel Tempio. Questo \u00e8 il 2. Febbraio, e allestire il presepe in quel giorno \u00e8 un altro modo per preservare il significato religioso del Natale fino alla vigilia della Candelora.<\/p>\n\n<h3 class=\"wp-block-heading\" id=\"aioseo-po-svecnici-razlicne-tradicije\">Dopo la Candelora &#8211; tradizioni diverse<\/h3>\n\n<p>Alcune famiglie e chiese scelgono di lasciare il presepe acceso per qualche tempo dopo la Candelora. Questo approccio dipende dalle tradizioni e dalle credenze culturali individuali che rispettano.<\/p>\n\n<h3 class=\"wp-block-heading\" id=\"aioseo-prilagoditev-glede-na-druzinske-zelje-in-tradicije\">Adattarsi alle preferenze e alle tradizioni della famiglia<\/h3>\n\n<p>\u00c8 importante notare che non esiste una regola universale su quando mettere via la culla. Ogni famiglia ha le sue tradizioni e preferenze specifiche su questo tema. \u00c8 importante scegliere un momento che sia adatto alla tua famiglia e che sottolinei l&#8217;importanza del presepe nella tua vita.<\/p>\n\n<h2 class=\"wp-block-heading\" id=\"aioseo-zakaj-je-pomembno-vedeti-kdaj-pospraviti-jaslice\">Perch\u00e9 \u00e8 importante sapere quando mettere via la culla<\/h2>\n\n<h3 class=\"wp-block-heading\" id=\"aioseo-pomen-jaslic-v-bozicnem-casu\">Il significato del presepe nel periodo natalizio<\/h3>\n\n<p>Per molte persone il presepe \u00e8 un simbolo di fede, devozione e ricordo della nascita di Ges\u00f9 Cristo. Pensare a quando mettere via il presepe permette di comprendere meglio il suo simbolismo e il suo significato religioso a Natale.<\/p>\n\n<h3 class=\"wp-block-heading\" id=\"aioseo-simbolika-pospravljanja-jaslic\">Simbolismo del presepe<\/h3>\n\n<p>Pulire il presepe pu\u00f2 simboleggiare la fine del periodo natalizio e la preparazione al periodo successivo al Natale. \u00c8 anche un modo per rendere omaggio a questo simbolo tradizionale del Natale.<\/p>\n\n<h3 class=\"wp-block-heading\" id=\"aioseo-tradicionalna-vera-in-poboznost\">Religione e piet\u00e0 tradizionali<\/h3>\n\n<p>Per chi segue le tradizioni religiose, \u00e8 importante rispettare l&#8217;orario in cui mettere via il presepe, in quanto ci\u00f2 dimostra il rispetto dei rituali e delle usanze religiose.<\/p>\n\n<h2 class=\"wp-block-heading\" id=\"aioseo-kako-pravilno-pospraviti-jaslice\">Come riordinare correttamente una culla<\/h2>\n\n<h3 class=\"wp-block-heading\" id=\"aioseo-nasveti-za-previdno-shranjevanje-jaslic\">Consigli per riporre con cura la culla<\/h3>\n\n<p>Quando si mettono via le culle, \u00e8 importante riporle in modo corretto per preservarne la qualit\u00e0 per un uso futuro. Assicurati che siano imballati in modo sicuro e protetti da eventuali danni.<\/p>\n\n<h3 class=\"wp-block-heading\" id=\"aioseo-ohranjanje-jaslic-za-prihodnje-leto\">Conservare il presepe per il prossimo anno<\/h3>\n\n<p>Se pensi di utilizzare la culla nel prossimo anno, riponila in un luogo dove possa rimanere intatta e sicura. In questo modo sar\u00e0 pi\u00f9 facile allestire il presepe durante il prossimo periodo natalizio.<\/p>\n\n<h2 class=\"wp-block-heading\" id=\"aioseo-zakljucek\">Conclusione<\/h2>\n\n<p>Pensare a quando mettere via il presepe riflette il rispetto della tradizione, della fede e del significato del Natale. Qualunque sia il momento che scegli, fa&#8217; che sia un momento che ti colleghi al significato pi\u00f9 profondo della stagione natalizia e ti prepari alle sfide e alle gioie della vita che ti aspetta.<\/p>\n","protected":false},"excerpt":{"rendered":"<p>Quando mettere via il presepe \u00e8 una domanda che spesso ci si pone quando il periodo natalizio \u00e8 finito. quando pulire il presepe che \u00e8 stato al centro dell&#8217;attenzione durante le feste? I presepi sono una parte importante delle tradizioni natalizie e rappresentano la nascita di Ges\u00f9 Cristo. Pensare a quando mettere via la culla [&hellip;]<\/p>\n","protected":false},"author":1,"featured_media":0,"comment_status":"open","ping_status":"open","sticky":false,"template":"","format":"standard","meta":{"site-sidebar-layout":"default","site-content-layout":"","ast-site-content-layout":"default","site-content-style":"default","site-sidebar-style":"default","ast-global-header-display":"","ast-banner-title-visibility":"","ast-main-header-display":"","ast-hfb-above-header-display":"","ast-hfb-below-header-display":"","ast-hfb-mobile-header-display":"","site-post-title":"","ast-breadcrumbs-content":"","ast-featured-img":"","footer-sml-layout":"","ast-disable-related-posts":"","theme-transparent-header-meta":"","adv-header-id-meta":"","stick-header-meta":"","header-above-stick-meta":"","header-main-stick-meta":"","header-below-stick-meta":"","astra-migrate-meta-layouts":"default","ast-page-background-enabled":"default","ast-page-background-meta":{"desktop":{"background-color":"","background-image":"","background-repeat":"repeat","background-position":"center center","background-size":"auto","background-attachment":"scroll","background-type":"","background-media":"","overlay-type":"","overlay-color":"","overlay-opacity":"","overlay-gradient":""},"tablet":{"background-color":"","background-image":"","background-repeat":"repeat","background-position":"center center","background-size":"auto","background-attachment":"scroll","background-type":"","background-media":"","overlay-type":"","overlay-color":"","overlay-opacity":"","overlay-gradient":""},"mobile":{"background-color":"","background-image":"","background-repeat":"repeat","background-position":"center center","background-size":"auto","background-attachment":"scroll","background-type":"","background-media":"","overlay-type":"","overlay-color":"","overlay-opacity":"","overlay-gradient":""}},"ast-content-background-meta":{"desktop":{"background-color":"var(--ast-global-color-5)","background-image":"","background-repeat":"repeat","background-position":"center center","background-size":"auto","background-attachment":"scroll","background-type":"","background-media":"","overlay-type":"","overlay-color":"","overlay-opacity":"","overlay-gradient":""},"tablet":{"background-color":"var(--ast-global-color-5)","background-image":"","background-repeat":"repeat","background-position":"center center","background-size":"auto","background-attachment":"scroll","background-type":"","background-media":"","overlay-type":"","overlay-color":"","overlay-opacity":"","overlay-gradient":""},"mobile":{"background-color":"var(--ast-global-color-5)","background-image":"","background-repeat":"repeat","background-position":"center center","background-size":"auto","background-attachment":"scroll","background-type":"","background-media":"","overlay-type":"","overlay-color":"","overlay-opacity":"","overlay-gradient":""}},"footnotes":""},"categories":[62],"tags":[],"class_list":["post-7029","post","type-post","status-publish","format-standard","hentry","category-o-jaslicah"],"aioseo_notices":[],"_links":{"self":[{"href":"https:\/\/bozicnejaslice.si\/it\/wp-json\/wp\/v2\/posts\/7029","targetHints":{"allow":["GET"]}}],"collection":[{"href":"https:\/\/bozicnejaslice.si\/it\/wp-json\/wp\/v2\/posts"}],"about":[{"href":"https:\/\/bozicnejaslice.si\/it\/wp-json\/wp\/v2\/types\/post"}],"author":[{"embeddable":true,"href":"https:\/\/bozicnejaslice.si\/it\/wp-json\/wp\/v2\/users\/1"}],"replies":[{"embeddable":true,"href":"https:\/\/bozicnejaslice.si\/it\/wp-json\/wp\/v2\/comments?post=7029"}],"version-history":[{"count":0,"href":"https:\/\/bozicnejaslice.si\/it\/wp-json\/wp\/v2\/posts\/7029\/revisions"}],"wp:attachment":[{"href":"https:\/\/bozicnejaslice.si\/it\/wp-json\/wp\/v2\/media?parent=7029"}],"wp:term":[{"taxonomy":"category","embeddable":true,"href":"https:\/\/bozicnejaslice.si\/it\/wp-json\/wp\/v2\/categories?post=7029"},{"taxonomy":"post_tag","embeddable":true,"href":"https:\/\/bozicnejaslice.si\/it\/wp-json\/wp\/v2\/tags?post=7029"}],"curies":[{"name":"wp","href":"https:\/\/api.w.org\/{rel}","templated":true}]}}